{"id":763,"date":"2023-03-29T06:27:17","date_gmt":"2023-03-29T06:27:17","guid":{"rendered":"https:\/\/productosdeapoyonavarra.es\/?p=763"},"modified":"2023-03-29T06:27:17","modified_gmt":"2023-03-29T06:27:17","slug":"arranca-la-i-campana-de-donacion-de-productos-de-apoyo-de-navarra-da-una-segunda-vida-a-ese-articulo-arrinconado-en-el-trastero","status":"publish","type":"post","link":"https:\/\/productosdeapoyonavarra.es\/?p=763","title":{"rendered":"Arranca la I Campa\u00f1a de Donaci\u00f3n de Productos de Apoyo de Navarra: \u00abDa una segunda vida a ese art\u00edculo arrinconado en el trastero\u00bb"},"content":{"rendered":"\n<h3 class=\"wp-block-heading\">Se ha habilitado una red de puntos de recogida por todo Navarra y recogida a domicilio, con toda la informaci\u00f3n en el 607 51 39 39 y en <a href=\"https:\/\/donaciones.productosdeapoyonavarra.es\">https:\/\/donaciones.productosdeapoyonavarra.es<\/a><\/h3>\n\n\n\n<p>Despu\u00e9s de mucho trabajo&#8230; \u00a1arrancamos! <strong>COCEMFE Navarra (Federaci\u00f3n de asociaciones de personas con discapacidad f\u00edsica y org\u00e1nica) y ASPACE Navarra (asociaci\u00f3n de par\u00e1lisis cerebral) hemos presentado la I Campa\u00f1a de donaci\u00f3n de productos de apoyo de Navarra, <\/strong>que se prolongar\u00e1 hasta finales de mayo con el objetivo de \u201cdar una segunda vida a esos productos de apoyo arrinconados en casa y lograr que toda persona que lo necesite pueda acceder al producto que cambie su vida\u201d.<\/p>\n\n\n\n<p><strong>\u201cAnimamos a donar esa silla de ruedas, andador, cama articulada, gr\u00faa, scooter<\/strong>\u2026 que ya no utilizas. No s\u00f3lo cambiar\u00e1s la vida de una persona que lo necesita en Navarra, sino que apoyar\u00e1s la econom\u00eda circular y colaborar\u00e1s en un proyecto que fomenta la integraci\u00f3n laboral de las personas con discapacidad. De esta forma, con este gesto individual est\u00e1s generando nuevas oportunidades para otras personas, un paso m\u00e1s hacia una sociedad navarra m\u00e1s inclusiva\u201d<\/p>\n\n\n\n<p>Todos los productos donados ir\u00e1n dirigidos al nuevo <strong>SERVICIO DE PR\u00c9STAMO DE PRODUCTOS DE APOYO DE NAVARRA, <\/strong>que se va poner en marcha pr\u00f3ximamente. Impulsado por COCEMFE Navarra, ASPACE Navarra y Gobierno de Navarra, incluye el pr\u00e9stamo de productos de apoyo con el asesoramiento de profesionales de la terapia ocupacional&nbsp; para lograr su m\u00e1xima autonom\u00eda.<\/p>\n\n\n\n<p>Tras ser revisados, higienizados y reparados si fuera necesario, los art\u00edculos donados se incorporar\u00e1n al cat\u00e1logo de productos de apoyo de este nuevo servicio <strong>para posteriormente ser ofrecidos en pr\u00e9stamo a personas que los necesiten<\/strong>. El cat\u00e1logo de este nuevo servicio estar\u00e1 formado tanto por art\u00edculos donados como por productos nuevos adquiridos por Gobierno de Navarra. Asimismo, los productos que no puedan ser reutilizados ser\u00e1n reciclados.<\/p>\n\n\n\n<p>Este nuevo servicio nace para facilitar el acceso de las personas que lo necesiten al producto de apoyo id\u00f3neo a trav\u00e9s del pr\u00e9stamo, \u201cuna alternativa a la compra que permite a la persona usarlo en su domic\u00edlio durante un tiempo para ver si se ajusta a sus necesidades\u201d y \u201ccontar con el apoyo y acompa\u00f1amiento de profesionales que asesorar\u00e1n y entrenar\u00e1n en el uso de ese art\u00edculo, realizando las adaptaciones necesarias para fomentar su autonom\u00eda y participaci\u00f3n\u201d<\/p>\n\n\n\n<p><em>La campa\u00f1a, que cuenta con la colaboraci\u00f3n de Gobierno de Navarra, Fundaci\u00f3n La Caixa y Fundaci\u00f3n Caja Navarra, ha sido presentada en rueda de prensa con la presencia de M\u00aa Carmen Maeztu Villafranca, consejera de Derechos Sociales, Blanca Elizalde, Directora en Fundaci\u00f3n Aspace Navarra para el Empleo, Edurne Jauregui, gerente de COCEMFE Navarra y Javier Fern\u00e1ndez, director General de Fundaci\u00f3n Caja Navarra, quienes han instado a la poblaci\u00f3n a participar en esta iniciativa solidaria.\u00a0<\/em><\/p>\n\n\n\n<p class=\"has-white-color has-luminous-vivid-orange-background-color has-text-color has-background\"><strong>EN DETALLE<\/strong><\/p>\n\n\n\n<ul class=\"wp-block-list\">\n<li><strong>QUE DONAR: <\/strong>Silla de ruedas, andador, cama articulada, muletas, gr\u00faa, scooter..\u2026 y en general todo producto de apoyo en buen estado<\/li>\n\n\n\n<li><strong>PARA QU\u00c9 DONAR: <\/strong>Los productos donados ser\u00e1n ofrecidos en pr\u00e9stamo a las personas lo necesiten con el asesoramiento de terapia ocupacional a trav\u00e9s del nuevo Servicio de Pr\u00e9stamo de Productos de Apoyo de Navarra.<\/li>\n\n\n\n<li><strong>COMO DONAR: <\/strong>Se han habilitado 15 puntos de recogida en Navarra<strong> <\/strong>con la colaboraci\u00f3n de entidades sociales como Tasubinsa, ANADI y EM Navarra, adem\u00e1s de los puntos propios de COCEMFE Navarra y ASPACE Navarra. Tambi\u00e9n existe la posibilidad de recoger el producto a domicilio. Mas info: <a href=\"https:\/\/donaciones.productosdeapoyonavarra.es\">https:\/\/donaciones.productosdeapoyonavarra.es<\/a> \u00a0y 607 51 39 39<\/li>\n<\/ul>\n","protected":false},"excerpt":{"rendered":"<p>Se ha habilitado una red de puntos de recogida por todo Navarra y recogida a domicilio, con toda la informaci\u00f3n en el 607 51 39 39 y en https:\/\/donaciones.productosdeapoyonavarra.es Despu\u00e9s de mucho trabajo&#8230; \u00a1arrancamos! COCEMFE Navarra (Federaci\u00f3n de asociaciones de personas con discapacidad f\u00edsica y org\u00e1nica) y ASPACE Navarra (asociaci\u00f3n de par\u00e1lisis cerebral) hemos presentado [&hellip;]<\/p>\n","protected":false},"author":2,"featured_media":764,"comment_status":"open","ping_status":"open","sticky":false,"template":"","format":"standard","meta":{"footnotes":""},"categories":[1],"tags":[],"class_list":["post-763","post","type-post","status-publish","format-standard","has-post-thumbnail","hentry","category-sin-categorizar"],"yoast_head":"<!-- This site is optimized with the Yoast SEO plugin v20.3 - https:\/\/yoast.com\/wordpress\/plugins\/seo\/ -->\n<title>Arranca la I Campa\u00f1a de Donaci\u00f3n de Productos de Apoyo de Navarra: \u00abDa una segunda vida a ese art\u00edculo arrinconado en el trastero\u00bb - Productos de Apoyo Navarra<\/title>\n<meta name=\"description\" content=\"COCEMFE Navarra y ASPACE Navarra presentan la I Campa\u00f1a de donaci\u00f3n de productos de apoyo de Navarra\" \/>\n<meta name=\"robots\" content=\"index, follow, max-snippet:-1, max-image-preview:large, max-video-preview:-1\" \/>\n<link rel=\"canonical\" href=\"https:\/\/productosdeapoyonavarra.es\/?p=763\" \/>\n<meta property=\"og:locale\" content=\"es_ES\" \/>\n<meta property=\"og:type\" content=\"article\" \/>\n<meta property=\"og:title\" content=\"Arranca la I Campa\u00f1a de Donaci\u00f3n de Productos de Apoyo de Navarra: \u00abDa una segunda vida a ese art\u00edculo arrinconado en el trastero\u00bb - Productos de Apoyo Navarra\" \/>\n<meta property=\"og:description\" content=\"COCEMFE Navarra y ASPACE Navarra presentan la I Campa\u00f1a de donaci\u00f3n de productos de apoyo de Navarra\" \/>\n<meta property=\"og:url\" content=\"https:\/\/productosdeapoyonavarra.es\/?p=763\" \/>\n<meta property=\"og:site_name\" content=\"Productos de Apoyo Navarra\" \/>\n<meta property=\"article:published_time\" content=\"2023-03-29T06:27:17+00:00\" \/>\n<meta property=\"og:image\" content=\"https:\/\/productosdeapoyonavarra.es\/wp-content\/uploads\/2023\/03\/presentacion2.jpg\" \/>\n\t<meta property=\"og:image:width\" content=\"1280\" \/>\n\t<meta property=\"og:image:height\" content=\"960\" \/>\n\t<meta property=\"og:image:type\" content=\"image\/jpeg\" \/>\n<meta name=\"author\" content=\"Cocemfe\" \/>\n<meta name=\"twitter:card\" content=\"summary_large_image\" \/>\n<meta name=\"twitter:label1\" content=\"Escrito por\" \/>\n\t<meta name=\"twitter:data1\" content=\"Cocemfe\" \/>\n\t<meta name=\"twitter:label2\" content=\"Tiempo de lectura\" \/>\n\t<meta name=\"twitter:data2\" content=\"3 minutos\" \/>\n<script type=\"application\/ld+json\" class=\"yoast-schema-graph\">{\"@context\":\"https:\/\/schema.org\",\"@graph\":[{\"@type\":\"Article\",\"@id\":\"https:\/\/productosdeapoyonavarra.es\/?p=763#article\",\"isPartOf\":{\"@id\":\"https:\/\/productosdeapoyonavarra.es\/?p=763\"},\"author\":{\"name\":\"Cocemfe\",\"@id\":\"https:\/\/productosdeapoyonavarra.es\/#\/schema\/person\/15e6f635ae5094d72e7f2cc915c1cef8\"},\"headline\":\"Arranca la I Campa\u00f1a de Donaci\u00f3n de Productos de Apoyo de Navarra: \u00abDa una segunda vida a ese art\u00edculo arrinconado en el trastero\u00bb\",\"datePublished\":\"2023-03-29T06:27:17+00:00\",\"dateModified\":\"2023-03-29T06:27:17+00:00\",\"mainEntityOfPage\":{\"@id\":\"https:\/\/productosdeapoyonavarra.es\/?p=763\"},\"wordCount\":641,\"commentCount\":0,\"publisher\":{\"@id\":\"https:\/\/productosdeapoyonavarra.es\/#organization\"},\"articleSection\":[\"Sin categorizar\"],\"inLanguage\":\"es\",\"potentialAction\":[{\"@type\":\"CommentAction\",\"name\":\"Comment\",\"target\":[\"https:\/\/productosdeapoyonavarra.es\/?p=763#respond\"]}]},{\"@type\":\"WebPage\",\"@id\":\"https:\/\/productosdeapoyonavarra.es\/?p=763\",\"url\":\"https:\/\/productosdeapoyonavarra.es\/?p=763\",\"name\":\"Arranca la I Campa\u00f1a de Donaci\u00f3n de Productos de Apoyo de Navarra: \u00abDa una segunda vida a ese art\u00edculo arrinconado en el trastero\u00bb - Productos de Apoyo Navarra\",\"isPartOf\":{\"@id\":\"https:\/\/productosdeapoyonavarra.es\/#website\"},\"datePublished\":\"2023-03-29T06:27:17+00:00\",\"dateModified\":\"2023-03-29T06:27:17+00:00\",\"description\":\"COCEMFE Navarra y ASPACE Navarra presentan la I Campa\u00f1a de donaci\u00f3n de productos de apoyo de Navarra\",\"breadcrumb\":{\"@id\":\"https:\/\/productosdeapoyonavarra.es\/?p=763#breadcrumb\"},\"inLanguage\":\"es\",\"potentialAction\":[{\"@type\":\"ReadAction\",\"target\":[\"https:\/\/productosdeapoyonavarra.es\/?p=763\"]}]},{\"@type\":\"BreadcrumbList\",\"@id\":\"https:\/\/productosdeapoyonavarra.es\/?p=763#breadcrumb\",\"itemListElement\":[{\"@type\":\"ListItem\",\"position\":1,\"name\":\"Portada\",\"item\":\"https:\/\/productosdeapoyonavarra.es\/\"},{\"@type\":\"ListItem\",\"position\":2,\"name\":\"Arranca la I Campa\u00f1a de Donaci\u00f3n de Productos de Apoyo de Navarra: \u00abDa una segunda vida a ese art\u00edculo arrinconado en el trastero\u00bb\"}]},{\"@type\":\"WebSite\",\"@id\":\"https:\/\/productosdeapoyonavarra.es\/#website\",\"url\":\"https:\/\/productosdeapoyonavarra.es\/\",\"name\":\"Productos de Apoyo Navarra\",\"description\":\"Plan de prestamo de productos de apoyo de Navarra\",\"publisher\":{\"@id\":\"https:\/\/productosdeapoyonavarra.es\/#organization\"},\"potentialAction\":[{\"@type\":\"SearchAction\",\"target\":{\"@type\":\"EntryPoint\",\"urlTemplate\":\"https:\/\/productosdeapoyonavarra.es\/?s={search_term_string}\"},\"query-input\":\"required name=search_term_string\"}],\"inLanguage\":\"es\"},{\"@type\":\"Organization\",\"@id\":\"https:\/\/productosdeapoyonavarra.es\/#organization\",\"name\":\"Plan de pr\u00e9stamo de productos de apoyo de Navarra\",\"url\":\"https:\/\/productosdeapoyonavarra.es\/\",\"logo\":{\"@type\":\"ImageObject\",\"inLanguage\":\"es\",\"@id\":\"https:\/\/productosdeapoyonavarra.es\/#\/schema\/logo\/image\/\",\"url\":\"https:\/\/productosdeapoyonavarra.es\/wp-content\/uploads\/2022\/10\/LOGO-plan-horizontal.jpg\",\"contentUrl\":\"https:\/\/productosdeapoyonavarra.es\/wp-content\/uploads\/2022\/10\/LOGO-plan-horizontal.jpg\",\"width\":1346,\"height\":324,\"caption\":\"Plan de pr\u00e9stamo de productos de apoyo de Navarra\"},\"image\":{\"@id\":\"https:\/\/productosdeapoyonavarra.es\/#\/schema\/logo\/image\/\"}},{\"@type\":\"Person\",\"@id\":\"https:\/\/productosdeapoyonavarra.es\/#\/schema\/person\/15e6f635ae5094d72e7f2cc915c1cef8\",\"name\":\"Cocemfe\",\"image\":{\"@type\":\"ImageObject\",\"inLanguage\":\"es\",\"@id\":\"https:\/\/productosdeapoyonavarra.es\/#\/schema\/person\/image\/\",\"url\":\"https:\/\/secure.gravatar.com\/avatar\/3beba6546656c2bf29f94d1e0c829d144ba913c518d6b692d509931fadc6030c?s=96&d=mm&r=g\",\"contentUrl\":\"https:\/\/secure.gravatar.com\/avatar\/3beba6546656c2bf29f94d1e0c829d144ba913c518d6b692d509931fadc6030c?s=96&d=mm&r=g\",\"caption\":\"Cocemfe\"},\"url\":\"https:\/\/productosdeapoyonavarra.es\/?author=2\"}]}<\/script>\n<!-- \/ Yoast SEO plugin. -->","yoast_head_json":{"title":"Arranca la I Campa\u00f1a de Donaci\u00f3n de Productos de Apoyo de Navarra: \u00abDa una segunda vida a ese art\u00edculo arrinconado en el trastero\u00bb - Productos de Apoyo Navarra","description":"COCEMFE Navarra y ASPACE Navarra presentan la I Campa\u00f1a de donaci\u00f3n de productos de apoyo de Navarra","robots":{"index":"index","follow":"follow","max-snippet":"max-snippet:-1","max-image-preview":"max-image-preview:large","max-video-preview":"max-video-preview:-1"},"canonical":"https:\/\/productosdeapoyonavarra.es\/?p=763","og_locale":"es_ES","og_type":"article","og_title":"Arranca la I Campa\u00f1a de Donaci\u00f3n de Productos de Apoyo de Navarra: \u00abDa una segunda vida a ese art\u00edculo arrinconado en el trastero\u00bb - Productos de Apoyo Navarra","og_description":"COCEMFE Navarra y ASPACE Navarra presentan la I Campa\u00f1a de donaci\u00f3n de productos de apoyo de Navarra","og_url":"https:\/\/productosdeapoyonavarra.es\/?p=763","og_site_name":"Productos de Apoyo Navarra","article_published_time":"2023-03-29T06:27:17+00:00","og_image":[{"width":1280,"height":960,"url":"https:\/\/productosdeapoyonavarra.es\/wp-content\/uploads\/2023\/03\/presentacion2.jpg","type":"image\/jpeg"}],"author":"Cocemfe","twitter_card":"summary_large_image","twitter_misc":{"Escrito por":"Cocemfe","Tiempo de lectura":"3 minutos"},"schema":{"@context":"https:\/\/schema.org","@graph":[{"@type":"Article","@id":"https:\/\/productosdeapoyonavarra.es\/?p=763#article","isPartOf":{"@id":"https:\/\/productosdeapoyonavarra.es\/?p=763"},"author":{"name":"Cocemfe","@id":"https:\/\/productosdeapoyonavarra.es\/#\/schema\/person\/15e6f635ae5094d72e7f2cc915c1cef8"},"headline":"Arranca la I Campa\u00f1a de Donaci\u00f3n de Productos de Apoyo de Navarra: \u00abDa una segunda vida a ese art\u00edculo arrinconado en el trastero\u00bb","datePublished":"2023-03-29T06:27:17+00:00","dateModified":"2023-03-29T06:27:17+00:00","mainEntityOfPage":{"@id":"https:\/\/productosdeapoyonavarra.es\/?p=763"},"wordCount":641,"commentCount":0,"publisher":{"@id":"https:\/\/productosdeapoyonavarra.es\/#organization"},"articleSection":["Sin categorizar"],"inLanguage":"es","potentialAction":[{"@type":"CommentAction","name":"Comment","target":["https:\/\/productosdeapoyonavarra.es\/?p=763#respond"]}]},{"@type":"WebPage","@id":"https:\/\/productosdeapoyonavarra.es\/?p=763","url":"https:\/\/productosdeapoyonavarra.es\/?p=763","name":"Arranca la I Campa\u00f1a de Donaci\u00f3n de Productos de Apoyo de Navarra: \u00abDa una segunda vida a ese art\u00edculo arrinconado en el trastero\u00bb - Productos de Apoyo Navarra","isPartOf":{"@id":"https:\/\/productosdeapoyonavarra.es\/#website"},"datePublished":"2023-03-29T06:27:17+00:00","dateModified":"2023-03-29T06:27:17+00:00","description":"COCEMFE Navarra y ASPACE Navarra presentan la I Campa\u00f1a de donaci\u00f3n de productos de apoyo de Navarra","breadcrumb":{"@id":"https:\/\/productosdeapoyonavarra.es\/?p=763#breadcrumb"},"inLanguage":"es","potentialAction":[{"@type":"ReadAction","target":["https:\/\/productosdeapoyonavarra.es\/?p=763"]}]},{"@type":"BreadcrumbList","@id":"https:\/\/productosdeapoyonavarra.es\/?p=763#breadcrumb","itemListElement":[{"@type":"ListItem","position":1,"name":"Portada","item":"https:\/\/productosdeapoyonavarra.es\/"},{"@type":"ListItem","position":2,"name":"Arranca la I Campa\u00f1a de Donaci\u00f3n de Productos de Apoyo de Navarra: \u00abDa una segunda vida a ese art\u00edculo arrinconado en el trastero\u00bb"}]},{"@type":"WebSite","@id":"https:\/\/productosdeapoyonavarra.es\/#website","url":"https:\/\/productosdeapoyonavarra.es\/","name":"Productos de Apoyo Navarra","description":"Plan de prestamo de productos de apoyo de Navarra","publisher":{"@id":"https:\/\/productosdeapoyonavarra.es\/#organization"},"potentialAction":[{"@type":"SearchAction","target":{"@type":"EntryPoint","urlTemplate":"https:\/\/productosdeapoyonavarra.es\/?s={search_term_string}"},"query-input":"required name=search_term_string"}],"inLanguage":"es"},{"@type":"Organization","@id":"https:\/\/productosdeapoyonavarra.es\/#organization","name":"Plan de pr\u00e9stamo de productos de apoyo de Navarra","url":"https:\/\/productosdeapoyonavarra.es\/","logo":{"@type":"ImageObject","inLanguage":"es","@id":"https:\/\/productosdeapoyonavarra.es\/#\/schema\/logo\/image\/","url":"https:\/\/productosdeapoyonavarra.es\/wp-content\/uploads\/2022\/10\/LOGO-plan-horizontal.jpg","contentUrl":"https:\/\/productosdeapoyonavarra.es\/wp-content\/uploads\/2022\/10\/LOGO-plan-horizontal.jpg","width":1346,"height":324,"caption":"Plan de pr\u00e9stamo de productos de apoyo de Navarra"},"image":{"@id":"https:\/\/productosdeapoyonavarra.es\/#\/schema\/logo\/image\/"}},{"@type":"Person","@id":"https:\/\/productosdeapoyonavarra.es\/#\/schema\/person\/15e6f635ae5094d72e7f2cc915c1cef8","name":"Cocemfe","image":{"@type":"ImageObject","inLanguage":"es","@id":"https:\/\/productosdeapoyonavarra.es\/#\/schema\/person\/image\/","url":"https:\/\/secure.gravatar.com\/avatar\/3beba6546656c2bf29f94d1e0c829d144ba913c518d6b692d509931fadc6030c?s=96&d=mm&r=g","contentUrl":"https:\/\/secure.gravatar.com\/avatar\/3beba6546656c2bf29f94d1e0c829d144ba913c518d6b692d509931fadc6030c?s=96&d=mm&r=g","caption":"Cocemfe"},"url":"https:\/\/productosdeapoyonavarra.es\/?author=2"}]}},"_links":{"self":[{"href":"https:\/\/productosdeapoyonavarra.es\/index.php?rest_route=\/wp\/v2\/posts\/763","targetHints":{"allow":["GET"]}}],"collection":[{"href":"https:\/\/productosdeapoyonavarra.es\/index.php?rest_route=\/wp\/v2\/posts"}],"about":[{"href":"https:\/\/productosdeapoyonavarra.es\/index.php?rest_route=\/wp\/v2\/types\/post"}],"author":[{"embeddable":true,"href":"https:\/\/productosdeapoyonavarra.es\/index.php?rest_route=\/wp\/v2\/users\/2"}],"replies":[{"embeddable":true,"href":"https:\/\/productosdeapoyonavarra.es\/index.php?rest_route=%2Fwp%2Fv2%2Fcomments&post=763"}],"version-history":[{"count":1,"href":"https:\/\/productosdeapoyonavarra.es\/index.php?rest_route=\/wp\/v2\/posts\/763\/revisions"}],"predecessor-version":[{"id":765,"href":"https:\/\/productosdeapoyonavarra.es\/index.php?rest_route=\/wp\/v2\/posts\/763\/revisions\/765"}],"wp:featuredmedia":[{"embeddable":true,"href":"https:\/\/productosdeapoyonavarra.es\/index.php?rest_route=\/wp\/v2\/media\/764"}],"wp:attachment":[{"href":"https:\/\/productosdeapoyonavarra.es\/index.php?rest_route=%2Fwp%2Fv2%2Fmedia&parent=763"}],"wp:term":[{"taxonomy":"category","embeddable":true,"href":"https:\/\/productosdeapoyonavarra.es\/index.php?rest_route=%2Fwp%2Fv2%2Fcategories&post=763"},{"taxonomy":"post_tag","embeddable":true,"href":"https:\/\/productosdeapoyonavarra.es\/index.php?rest_route=%2Fwp%2Fv2%2Ftags&post=763"}],"curies":[{"name":"wp","href":"https:\/\/api.w.org\/{rel}","templated":true}]}}