{"id":414,"date":"2023-03-14T20:06:29","date_gmt":"2023-03-14T20:06:29","guid":{"rendered":"https:\/\/productosdeapoyonavarra.es\/?p=414"},"modified":"2023-03-16T13:29:05","modified_gmt":"2023-03-16T13:29:05","slug":"exito-grupos-de-participacion","status":"publish","type":"post","link":"https:\/\/productosdeapoyonavarra.es\/?p=414","title":{"rendered":"\u00c9xito de los grupos de participaci\u00f3n&#8230; \u00bfquieres conocer nuestro plan?"},"content":{"rendered":"\n<p><strong>El pr\u00f3ximo jueves te invitamos a participar en la \u00faltima de los encuentros <\/strong>que hemos organizado en este comienzo de a\u00f1o para dar a conocer el Plan de Pr\u00e9stamo de Productos de Apoyo de Navarra y recoger las necesidades de diferentes grupos de poblaci\u00f3n, haciendo hincapi\u00e9 en las personas con discapacidad y todos esos recursos a los que acuden (servicios sociales, centros de salud, asociaciones, residencias&#8230;.)<\/p>\n\n\n\n<p>El objetivo, <strong>recoger la opini\u00f3n de todas esas personas de Navarra que requieren de un producto de apoyo para mejorar su calidad de vida <\/strong>(sillas, andadores, sillas de ducha&#8230;) y de esta forma crear una cartera de pr\u00e9stamo de productos adecuada a sus necesidades. Un servicio que se completar\u00e1 con el asesoramiento de terapia ocupacional para potencia al m\u00e1ximo tu autonom\u00eda. <\/p>\n\n\n\n<p>El encuentro ser\u00e1 el <strong>jueves 16 de marzo a las 17h<\/strong> en el centro comunitario de la Txantrea con participaci\u00f3n libre previa inscripci\u00f3n. Pr\u00f3ximamente te informaremos de las pr\u00f3ximas citas. <\/p>\n","protected":false},"excerpt":{"rendered":"<p>El pr\u00f3ximo jueves te invitamos a participar en la \u00faltima de los encuentros que hemos organizado en este comienzo de a\u00f1o para dar a conocer el Plan de Pr\u00e9stamo de Productos de Apoyo de Navarra y recoger las necesidades de diferentes grupos de poblaci\u00f3n, haciendo hincapi\u00e9 en las personas con discapacidad y todos esos recursos [&hellip;]<\/p>\n","protected":false},"author":2,"featured_media":412,"comment_status":"open","ping_status":"open","sticky":false,"template":"","format":"standard","meta":{"footnotes":""},"categories":[1],"tags":[],"class_list":["post-414","post","type-post","status-publish","format-standard","has-post-thumbnail","hentry","category-sin-categorizar"],"yoast_head":"<!-- This site is optimized with the Yoast SEO plugin v20.3 - https:\/\/yoast.com\/wordpress\/plugins\/seo\/ -->\n<title>\u00c9xito de los grupos de participaci\u00f3n... \u00bfquieres conocer nuestro plan? - Productos de Apoyo Navarra<\/title>\n<meta name=\"description\" content=\"\u00c9xito de los grupos de participaci\u00f3n para detectar las principales necesidades de prodcutos de apoyo en Navarra y dar a conocer el Plan\" \/>\n<meta name=\"robots\" content=\"index, follow, max-snippet:-1, max-image-preview:large, max-video-preview:-1\" \/>\n<link rel=\"canonical\" href=\"https:\/\/productosdeapoyonavarra.es\/?p=414\" \/>\n<meta property=\"og:locale\" content=\"es_ES\" \/>\n<meta property=\"og:type\" content=\"article\" \/>\n<meta property=\"og:title\" content=\"\u00c9xito de los grupos de participaci\u00f3n... \u00bfquieres conocer nuestro plan? - Productos de Apoyo Navarra\" \/>\n<meta property=\"og:description\" content=\"\u00c9xito de los grupos de participaci\u00f3n para detectar las principales necesidades de prodcutos de apoyo en Navarra y dar a conocer el Plan\" \/>\n<meta property=\"og:url\" content=\"https:\/\/productosdeapoyonavarra.es\/?p=414\" \/>\n<meta property=\"og:site_name\" content=\"Productos de Apoyo Navarra\" \/>\n<meta property=\"article:published_time\" content=\"2023-03-14T20:06:29+00:00\" \/>\n<meta property=\"article:modified_time\" content=\"2023-03-16T13:29:05+00:00\" \/>\n<meta property=\"og:image\" content=\"https:\/\/productosdeapoyonavarra.es\/wp-content\/uploads\/2022\/10\/planto-charla.jpg\" \/>\n\t<meta property=\"og:image:width\" content=\"526\" \/>\n\t<meta property=\"og:image:height\" content=\"639\" \/>\n\t<meta property=\"og:image:type\" content=\"image\/jpeg\" \/>\n<meta name=\"author\" content=\"Cocemfe\" \/>\n<meta name=\"twitter:card\" content=\"summary_large_image\" \/>\n<meta name=\"twitter:label1\" content=\"Escrito por\" \/>\n\t<meta name=\"twitter:data1\" content=\"Cocemfe\" \/>\n\t<meta name=\"twitter:label2\" content=\"Tiempo de lectura\" \/>\n\t<meta name=\"twitter:data2\" content=\"1 minuto\" \/>\n<script type=\"application\/ld+json\" class=\"yoast-schema-graph\">{\"@context\":\"https:\/\/schema.org\",\"@graph\":[{\"@type\":\"Article\",\"@id\":\"https:\/\/productosdeapoyonavarra.es\/?p=414#article\",\"isPartOf\":{\"@id\":\"https:\/\/productosdeapoyonavarra.es\/?p=414\"},\"author\":{\"name\":\"Cocemfe\",\"@id\":\"https:\/\/productosdeapoyonavarra.es\/#\/schema\/person\/15e6f635ae5094d72e7f2cc915c1cef8\"},\"headline\":\"\u00c9xito de los grupos de participaci\u00f3n&#8230; \u00bfquieres conocer nuestro plan?\",\"datePublished\":\"2023-03-14T20:06:29+00:00\",\"dateModified\":\"2023-03-16T13:29:05+00:00\",\"mainEntityOfPage\":{\"@id\":\"https:\/\/productosdeapoyonavarra.es\/?p=414\"},\"wordCount\":179,\"commentCount\":0,\"publisher\":{\"@id\":\"https:\/\/productosdeapoyonavarra.es\/#organization\"},\"articleSection\":[\"Sin categorizar\"],\"inLanguage\":\"es\",\"potentialAction\":[{\"@type\":\"CommentAction\",\"name\":\"Comment\",\"target\":[\"https:\/\/productosdeapoyonavarra.es\/?p=414#respond\"]}]},{\"@type\":\"WebPage\",\"@id\":\"https:\/\/productosdeapoyonavarra.es\/?p=414\",\"url\":\"https:\/\/productosdeapoyonavarra.es\/?p=414\",\"name\":\"\u00c9xito de los grupos de participaci\u00f3n... \u00bfquieres conocer nuestro plan? - Productos de Apoyo Navarra\",\"isPartOf\":{\"@id\":\"https:\/\/productosdeapoyonavarra.es\/#website\"},\"datePublished\":\"2023-03-14T20:06:29+00:00\",\"dateModified\":\"2023-03-16T13:29:05+00:00\",\"description\":\"\u00c9xito de los grupos de participaci\u00f3n para detectar las principales necesidades de prodcutos de apoyo en Navarra y dar a conocer el Plan\",\"breadcrumb\":{\"@id\":\"https:\/\/productosdeapoyonavarra.es\/?p=414#breadcrumb\"},\"inLanguage\":\"es\",\"potentialAction\":[{\"@type\":\"ReadAction\",\"target\":[\"https:\/\/productosdeapoyonavarra.es\/?p=414\"]}]},{\"@type\":\"BreadcrumbList\",\"@id\":\"https:\/\/productosdeapoyonavarra.es\/?p=414#breadcrumb\",\"itemListElement\":[{\"@type\":\"ListItem\",\"position\":1,\"name\":\"Portada\",\"item\":\"https:\/\/productosdeapoyonavarra.es\/\"},{\"@type\":\"ListItem\",\"position\":2,\"name\":\"\u00c9xito de los grupos de participaci\u00f3n&#8230; \u00bfquieres conocer nuestro plan?\"}]},{\"@type\":\"WebSite\",\"@id\":\"https:\/\/productosdeapoyonavarra.es\/#website\",\"url\":\"https:\/\/productosdeapoyonavarra.es\/\",\"name\":\"Productos de Apoyo Navarra\",\"description\":\"Plan de prestamo de productos de apoyo de Navarra\",\"publisher\":{\"@id\":\"https:\/\/productosdeapoyonavarra.es\/#organization\"},\"potentialAction\":[{\"@type\":\"SearchAction\",\"target\":{\"@type\":\"EntryPoint\",\"urlTemplate\":\"https:\/\/productosdeapoyonavarra.es\/?s={search_term_string}\"},\"query-input\":\"required name=search_term_string\"}],\"inLanguage\":\"es\"},{\"@type\":\"Organization\",\"@id\":\"https:\/\/productosdeapoyonavarra.es\/#organization\",\"name\":\"Plan de pr\u00e9stamo de productos de apoyo de Navarra\",\"url\":\"https:\/\/productosdeapoyonavarra.es\/\",\"logo\":{\"@type\":\"ImageObject\",\"inLanguage\":\"es\",\"@id\":\"https:\/\/productosdeapoyonavarra.es\/#\/schema\/logo\/image\/\",\"url\":\"https:\/\/productosdeapoyonavarra.es\/wp-content\/uploads\/2022\/10\/LOGO-plan-horizontal.jpg\",\"contentUrl\":\"https:\/\/productosdeapoyonavarra.es\/wp-content\/uploads\/2022\/10\/LOGO-plan-horizontal.jpg\",\"width\":1346,\"height\":324,\"caption\":\"Plan de pr\u00e9stamo de productos de apoyo de Navarra\"},\"image\":{\"@id\":\"https:\/\/productosdeapoyonavarra.es\/#\/schema\/logo\/image\/\"}},{\"@type\":\"Person\",\"@id\":\"https:\/\/productosdeapoyonavarra.es\/#\/schema\/person\/15e6f635ae5094d72e7f2cc915c1cef8\",\"name\":\"Cocemfe\",\"image\":{\"@type\":\"ImageObject\",\"inLanguage\":\"es\",\"@id\":\"https:\/\/productosdeapoyonavarra.es\/#\/schema\/person\/image\/\",\"url\":\"https:\/\/secure.gravatar.com\/avatar\/3beba6546656c2bf29f94d1e0c829d144ba913c518d6b692d509931fadc6030c?s=96&d=mm&r=g\",\"contentUrl\":\"https:\/\/secure.gravatar.com\/avatar\/3beba6546656c2bf29f94d1e0c829d144ba913c518d6b692d509931fadc6030c?s=96&d=mm&r=g\",\"caption\":\"Cocemfe\"},\"url\":\"https:\/\/productosdeapoyonavarra.es\/?author=2\"}]}<\/script>\n<!-- \/ Yoast SEO plugin. -->","yoast_head_json":{"title":"\u00c9xito de los grupos de participaci\u00f3n... \u00bfquieres conocer nuestro plan? - Productos de Apoyo Navarra","description":"\u00c9xito de los grupos de participaci\u00f3n para detectar las principales necesidades de prodcutos de apoyo en Navarra y dar a conocer el Plan","robots":{"index":"index","follow":"follow","max-snippet":"max-snippet:-1","max-image-preview":"max-image-preview:large","max-video-preview":"max-video-preview:-1"},"canonical":"https:\/\/productosdeapoyonavarra.es\/?p=414","og_locale":"es_ES","og_type":"article","og_title":"\u00c9xito de los grupos de participaci\u00f3n... \u00bfquieres conocer nuestro plan? - Productos de Apoyo Navarra","og_description":"\u00c9xito de los grupos de participaci\u00f3n para detectar las principales necesidades de prodcutos de apoyo en Navarra y dar a conocer el Plan","og_url":"https:\/\/productosdeapoyonavarra.es\/?p=414","og_site_name":"Productos de Apoyo Navarra","article_published_time":"2023-03-14T20:06:29+00:00","article_modified_time":"2023-03-16T13:29:05+00:00","og_image":[{"width":526,"height":639,"url":"https:\/\/productosdeapoyonavarra.es\/wp-content\/uploads\/2022\/10\/planto-charla.jpg","type":"image\/jpeg"}],"author":"Cocemfe","twitter_card":"summary_large_image","twitter_misc":{"Escrito por":"Cocemfe","Tiempo de lectura":"1 minuto"},"schema":{"@context":"https:\/\/schema.org","@graph":[{"@type":"Article","@id":"https:\/\/productosdeapoyonavarra.es\/?p=414#article","isPartOf":{"@id":"https:\/\/productosdeapoyonavarra.es\/?p=414"},"author":{"name":"Cocemfe","@id":"https:\/\/productosdeapoyonavarra.es\/#\/schema\/person\/15e6f635ae5094d72e7f2cc915c1cef8"},"headline":"\u00c9xito de los grupos de participaci\u00f3n&#8230; \u00bfquieres conocer nuestro plan?","datePublished":"2023-03-14T20:06:29+00:00","dateModified":"2023-03-16T13:29:05+00:00","mainEntityOfPage":{"@id":"https:\/\/productosdeapoyonavarra.es\/?p=414"},"wordCount":179,"commentCount":0,"publisher":{"@id":"https:\/\/productosdeapoyonavarra.es\/#organization"},"articleSection":["Sin categorizar"],"inLanguage":"es","potentialAction":[{"@type":"CommentAction","name":"Comment","target":["https:\/\/productosdeapoyonavarra.es\/?p=414#respond"]}]},{"@type":"WebPage","@id":"https:\/\/productosdeapoyonavarra.es\/?p=414","url":"https:\/\/productosdeapoyonavarra.es\/?p=414","name":"\u00c9xito de los grupos de participaci\u00f3n... \u00bfquieres conocer nuestro plan? - Productos de Apoyo Navarra","isPartOf":{"@id":"https:\/\/productosdeapoyonavarra.es\/#website"},"datePublished":"2023-03-14T20:06:29+00:00","dateModified":"2023-03-16T13:29:05+00:00","description":"\u00c9xito de los grupos de participaci\u00f3n para detectar las principales necesidades de prodcutos de apoyo en Navarra y dar a conocer el Plan","breadcrumb":{"@id":"https:\/\/productosdeapoyonavarra.es\/?p=414#breadcrumb"},"inLanguage":"es","potentialAction":[{"@type":"ReadAction","target":["https:\/\/productosdeapoyonavarra.es\/?p=414"]}]},{"@type":"BreadcrumbList","@id":"https:\/\/productosdeapoyonavarra.es\/?p=414#breadcrumb","itemListElement":[{"@type":"ListItem","position":1,"name":"Portada","item":"https:\/\/productosdeapoyonavarra.es\/"},{"@type":"ListItem","position":2,"name":"\u00c9xito de los grupos de participaci\u00f3n&#8230; \u00bfquieres conocer nuestro plan?"}]},{"@type":"WebSite","@id":"https:\/\/productosdeapoyonavarra.es\/#website","url":"https:\/\/productosdeapoyonavarra.es\/","name":"Productos de Apoyo Navarra","description":"Plan de prestamo de productos de apoyo de Navarra","publisher":{"@id":"https:\/\/productosdeapoyonavarra.es\/#organization"},"potentialAction":[{"@type":"SearchAction","target":{"@type":"EntryPoint","urlTemplate":"https:\/\/productosdeapoyonavarra.es\/?s={search_term_string}"},"query-input":"required name=search_term_string"}],"inLanguage":"es"},{"@type":"Organization","@id":"https:\/\/productosdeapoyonavarra.es\/#organization","name":"Plan de pr\u00e9stamo de productos de apoyo de Navarra","url":"https:\/\/productosdeapoyonavarra.es\/","logo":{"@type":"ImageObject","inLanguage":"es","@id":"https:\/\/productosdeapoyonavarra.es\/#\/schema\/logo\/image\/","url":"https:\/\/productosdeapoyonavarra.es\/wp-content\/uploads\/2022\/10\/LOGO-plan-horizontal.jpg","contentUrl":"https:\/\/productosdeapoyonavarra.es\/wp-content\/uploads\/2022\/10\/LOGO-plan-horizontal.jpg","width":1346,"height":324,"caption":"Plan de pr\u00e9stamo de productos de apoyo de Navarra"},"image":{"@id":"https:\/\/productosdeapoyonavarra.es\/#\/schema\/logo\/image\/"}},{"@type":"Person","@id":"https:\/\/productosdeapoyonavarra.es\/#\/schema\/person\/15e6f635ae5094d72e7f2cc915c1cef8","name":"Cocemfe","image":{"@type":"ImageObject","inLanguage":"es","@id":"https:\/\/productosdeapoyonavarra.es\/#\/schema\/person\/image\/","url":"https:\/\/secure.gravatar.com\/avatar\/3beba6546656c2bf29f94d1e0c829d144ba913c518d6b692d509931fadc6030c?s=96&d=mm&r=g","contentUrl":"https:\/\/secure.gravatar.com\/avatar\/3beba6546656c2bf29f94d1e0c829d144ba913c518d6b692d509931fadc6030c?s=96&d=mm&r=g","caption":"Cocemfe"},"url":"https:\/\/productosdeapoyonavarra.es\/?author=2"}]}},"_links":{"self":[{"href":"https:\/\/productosdeapoyonavarra.es\/index.php?rest_route=\/wp\/v2\/posts\/414","targetHints":{"allow":["GET"]}}],"collection":[{"href":"https:\/\/productosdeapoyonavarra.es\/index.php?rest_route=\/wp\/v2\/posts"}],"about":[{"href":"https:\/\/productosdeapoyonavarra.es\/index.php?rest_route=\/wp\/v2\/types\/post"}],"author":[{"embeddable":true,"href":"https:\/\/productosdeapoyonavarra.es\/index.php?rest_route=\/wp\/v2\/users\/2"}],"replies":[{"embeddable":true,"href":"https:\/\/productosdeapoyonavarra.es\/index.php?rest_route=%2Fwp%2Fv2%2Fcomments&post=414"}],"version-history":[{"count":3,"href":"https:\/\/productosdeapoyonavarra.es\/index.php?rest_route=\/wp\/v2\/posts\/414\/revisions"}],"predecessor-version":[{"id":673,"href":"https:\/\/productosdeapoyonavarra.es\/index.php?rest_route=\/wp\/v2\/posts\/414\/revisions\/673"}],"wp:featuredmedia":[{"embeddable":true,"href":"https:\/\/productosdeapoyonavarra.es\/index.php?rest_route=\/wp\/v2\/media\/412"}],"wp:attachment":[{"href":"https:\/\/productosdeapoyonavarra.es\/index.php?rest_route=%2Fwp%2Fv2%2Fmedia&parent=414"}],"wp:term":[{"taxonomy":"category","embeddable":true,"href":"https:\/\/productosdeapoyonavarra.es\/index.php?rest_route=%2Fwp%2Fv2%2Fcategories&post=414"},{"taxonomy":"post_tag","embeddable":true,"href":"https:\/\/productosdeapoyonavarra.es\/index.php?rest_route=%2Fwp%2Fv2%2Ftags&post=414"}],"curies":[{"name":"wp","href":"https:\/\/api.w.org\/{rel}","templated":true}]}}